{"id":853,"date":"2025-07-15T09:06:16","date_gmt":"2025-07-15T09:06:16","guid":{"rendered":"https:\/\/ikosz.hu\/?p=853"},"modified":"2025-07-15T09:12:36","modified_gmt":"2025-07-15T09:12:36","slug":"kuldottkozgyulesre-keszul-az-ikosz-strategiai-kerdesek-a-fokuszban","status":"publish","type":"post","link":"https:\/\/ikosz.hu\/en\/2025\/07\/15\/kuldottkozgyulesre-keszul-az-ikosz-strategiai-kerdesek-a-fokuszban\/","title":{"rendered":"IKOSZ prepares for its general assembly \u2013 strategic issues in focus"},"content":{"rendered":"<p>The National Association of Innovation Clusters (IKOSZ) will hold its next general meeting on July 17, 2025. The meeting will not only focus on administrative tasks, but also on strategic issues concerning the future of the Association.<\/p>\n<p>Based on recent experience, it has become clear that the current operation of IKOSZ falls short of the objectives set out at its relaunch in 2022. Therefore, a key role at the general meeting will be played by joint deliberations on how to return to the original vision: strengthening the national representation of clusters, promoting the networking and market visibility of Hungarian SMEs.<\/p>\n<p>Several member clusters have already successfully adapted to the new industry certification system, and a number of new, young and innovative clusters have joined the Association \u2013 these are encouraging signs of IKOSZ&#8217;s potential for renewal.<\/p>\n<p>We ask our members to actively participate in the general meeting, share their suggestions, and use their votes to help the Presidium take a direction that can give new impetus to the work of the Association.<\/p>","protected":false},"excerpt":{"rendered":"<p>The National Association of Innovation Clusters (IKOSZ) will hold its next general meeting on July 17, 2025. The meeting will [&hellip;]<\/p>\n","protected":false},"author":16,"featured_media":855,"comment_status":"open","ping_status":"open","sticky":false,"template":"","format":"standard","meta":{"_acf_changed":false,"footnotes":""},"categories":[1],"tags":[],"class_list":["post-853","post","type-post","status-publish","format-standard","has-post-thumbnail","hentry","category-egyeb"],"acf":[],"yoast_head":"<!-- This site is optimized with the Yoast SEO plugin v27.5 - https:\/\/yoast.com\/product\/yoast-seo-wordpress\/ -->\n<title>IKOSZ prepares for its general assembly \u2013 strategic issues in focus - ikosz<\/title>\n<meta name=\"robots\" content=\"index, follow, max-snippet:-1, max-image-preview:large, max-video-preview:-1\" \/>\n<link rel=\"canonical\" href=\"https:\/\/ikosz.hu\/2025\/07\/15\/kuldottkozgyulesre-keszul-az-ikosz-strategiai-kerdesek-a-fokuszban\/\" \/>\n<meta property=\"og:locale\" content=\"en_US\" \/>\n<meta property=\"og:type\" content=\"article\" \/>\n<meta property=\"og:title\" content=\"IKOSZ prepares for its general assembly \u2013 strategic issues in focus - ikosz\" \/>\n<meta property=\"og:description\" content=\"The National Association of Innovation Clusters (IKOSZ) will hold its next general meeting on July 17, 2025. The meeting will [&hellip;]\" \/>\n<meta property=\"og:url\" content=\"https:\/\/ikosz.hu\/2025\/07\/15\/kuldottkozgyulesre-keszul-az-ikosz-strategiai-kerdesek-a-fokuszban\/\" \/>\n<meta property=\"og:site_name\" content=\"ikosz\" \/>\n<meta property=\"article:published_time\" content=\"2025-07-15T09:06:16+00:00\" \/>\n<meta property=\"article:modified_time\" content=\"2025-07-15T09:12:36+00:00\" \/>\n<meta property=\"og:image\" content=\"https:\/\/ikosz.hu\/wp-content\/uploads\/2025\/07\/Kepernyokep-2025-07-15-111150.png\" \/>\n\t<meta property=\"og:image:width\" content=\"536\" \/>\n\t<meta property=\"og:image:height\" content=\"335\" \/>\n\t<meta property=\"og:image:type\" content=\"image\/png\" \/>\n<meta name=\"author\" content=\"ikosz_szerkeszto\" \/>\n<meta name=\"twitter:card\" content=\"summary_large_image\" \/>\n<meta name=\"twitter:label1\" content=\"Written by\" \/>\n\t<meta name=\"twitter:data1\" content=\"ikosz_szerkeszto\" \/>\n\t<meta name=\"twitter:label2\" content=\"Est. reading time\" \/>\n\t<meta name=\"twitter:data2\" content=\"1 minute\" \/>\n<script type=\"application\/ld+json\" class=\"yoast-schema-graph\">{\"@context\":\"https:\\\/\\\/schema.org\",\"@graph\":[{\"@type\":\"Article\",\"@id\":\"https:\\\/\\\/ikosz.hu\\\/2025\\\/07\\\/15\\\/kuldottkozgyulesre-keszul-az-ikosz-strategiai-kerdesek-a-fokuszban\\\/#article\",\"isPartOf\":{\"@id\":\"https:\\\/\\\/ikosz.hu\\\/2025\\\/07\\\/15\\\/kuldottkozgyulesre-keszul-az-ikosz-strategiai-kerdesek-a-fokuszban\\\/\"},\"author\":{\"name\":\"ikosz_szerkeszto\",\"@id\":\"https:\\\/\\\/ikosz.hu\\\/en\\\/#\\\/schema\\\/person\\\/552f414e0350043b29e5ecdac4803d22\"},\"headline\":\"IKOSZ prepares for its general assembly \u2013 strategic issues in focus\",\"datePublished\":\"2025-07-15T09:06:16+00:00\",\"dateModified\":\"2025-07-15T09:12:36+00:00\",\"mainEntityOfPage\":{\"@id\":\"https:\\\/\\\/ikosz.hu\\\/2025\\\/07\\\/15\\\/kuldottkozgyulesre-keszul-az-ikosz-strategiai-kerdesek-a-fokuszban\\\/\"},\"wordCount\":446,\"commentCount\":0,\"image\":{\"@id\":\"https:\\\/\\\/ikosz.hu\\\/2025\\\/07\\\/15\\\/kuldottkozgyulesre-keszul-az-ikosz-strategiai-kerdesek-a-fokuszban\\\/#primaryimage\"},\"thumbnailUrl\":\"https:\\\/\\\/ikosz.hu\\\/wp-content\\\/uploads\\\/2025\\\/07\\\/Kepernyokep-2025-07-15-111150.png\",\"articleSection\":[\"Egy\u00e9b kateg\u00f3ria\"],\"inLanguage\":\"en-US\",\"potentialAction\":[{\"@type\":\"CommentAction\",\"name\":\"Comment\",\"target\":[\"https:\\\/\\\/ikosz.hu\\\/2025\\\/07\\\/15\\\/kuldottkozgyulesre-keszul-az-ikosz-strategiai-kerdesek-a-fokuszban\\\/#respond\"]}]},{\"@type\":\"WebPage\",\"@id\":\"https:\\\/\\\/ikosz.hu\\\/2025\\\/07\\\/15\\\/kuldottkozgyulesre-keszul-az-ikosz-strategiai-kerdesek-a-fokuszban\\\/\",\"url\":\"https:\\\/\\\/ikosz.hu\\\/2025\\\/07\\\/15\\\/kuldottkozgyulesre-keszul-az-ikosz-strategiai-kerdesek-a-fokuszban\\\/\",\"name\":\"[:hu]K\u00fcld\u00f6ttk\u00f6zgy\u0171l\u00e9sre k\u00e9sz\u00fcl az IKOSZ \u2013 strat\u00e9giai k\u00e9rd\u00e9sek a f\u00f3kuszban[:en]IKOSZ prepares for its general assembly \u2013 strategic issues in focus[:] - ikosz\",\"isPartOf\":{\"@id\":\"https:\\\/\\\/ikosz.hu\\\/en\\\/#website\"},\"primaryImageOfPage\":{\"@id\":\"https:\\\/\\\/ikosz.hu\\\/2025\\\/07\\\/15\\\/kuldottkozgyulesre-keszul-az-ikosz-strategiai-kerdesek-a-fokuszban\\\/#primaryimage\"},\"image\":{\"@id\":\"https:\\\/\\\/ikosz.hu\\\/2025\\\/07\\\/15\\\/kuldottkozgyulesre-keszul-az-ikosz-strategiai-kerdesek-a-fokuszban\\\/#primaryimage\"},\"thumbnailUrl\":\"https:\\\/\\\/ikosz.hu\\\/wp-content\\\/uploads\\\/2025\\\/07\\\/Kepernyokep-2025-07-15-111150.png\",\"datePublished\":\"2025-07-15T09:06:16+00:00\",\"dateModified\":\"2025-07-15T09:12:36+00:00\",\"author\":{\"@id\":\"https:\\\/\\\/ikosz.hu\\\/en\\\/#\\\/schema\\\/person\\\/552f414e0350043b29e5ecdac4803d22\"},\"inLanguage\":\"en-US\",\"potentialAction\":[{\"@type\":\"ReadAction\",\"target\":[\"https:\\\/\\\/ikosz.hu\\\/2025\\\/07\\\/15\\\/kuldottkozgyulesre-keszul-az-ikosz-strategiai-kerdesek-a-fokuszban\\\/\"]}]},{\"@type\":\"ImageObject\",\"inLanguage\":\"en-US\",\"@id\":\"https:\\\/\\\/ikosz.hu\\\/2025\\\/07\\\/15\\\/kuldottkozgyulesre-keszul-az-ikosz-strategiai-kerdesek-a-fokuszban\\\/#primaryimage\",\"url\":\"https:\\\/\\\/ikosz.hu\\\/wp-content\\\/uploads\\\/2025\\\/07\\\/Kepernyokep-2025-07-15-111150.png\",\"contentUrl\":\"https:\\\/\\\/ikosz.hu\\\/wp-content\\\/uploads\\\/2025\\\/07\\\/Kepernyokep-2025-07-15-111150.png\",\"width\":536,\"height\":335},{\"@type\":\"WebSite\",\"@id\":\"https:\\\/\\\/ikosz.hu\\\/en\\\/#website\",\"url\":\"https:\\\/\\\/ikosz.hu\\\/en\\\/\",\"name\":\"ikosz\",\"description\":\"Innovat\u00edv Klaszterek Orsz\u00e1gos Sz\u00f6vets\u00e9ge\",\"potentialAction\":[{\"@type\":\"SearchAction\",\"target\":{\"@type\":\"EntryPoint\",\"urlTemplate\":\"https:\\\/\\\/ikosz.hu\\\/en\\\/?s={search_term_string}\"},\"query-input\":{\"@type\":\"PropertyValueSpecification\",\"valueRequired\":true,\"valueName\":\"search_term_string\"}}],\"inLanguage\":\"en-US\"},{\"@type\":\"Person\",\"@id\":\"https:\\\/\\\/ikosz.hu\\\/en\\\/#\\\/schema\\\/person\\\/552f414e0350043b29e5ecdac4803d22\",\"name\":\"ikosz_szerkeszto\",\"image\":{\"@type\":\"ImageObject\",\"inLanguage\":\"en-US\",\"@id\":\"https:\\\/\\\/secure.gravatar.com\\\/avatar\\\/1489fb3f1a1fa5878a30299102cda85e36289e61bd309f10a6bc43c2898ada92?s=96&d=mm&r=g\",\"url\":\"https:\\\/\\\/secure.gravatar.com\\\/avatar\\\/1489fb3f1a1fa5878a30299102cda85e36289e61bd309f10a6bc43c2898ada92?s=96&d=mm&r=g\",\"contentUrl\":\"https:\\\/\\\/secure.gravatar.com\\\/avatar\\\/1489fb3f1a1fa5878a30299102cda85e36289e61bd309f10a6bc43c2898ada92?s=96&d=mm&r=g\",\"caption\":\"ikosz_szerkeszto\"},\"url\":\"https:\\\/\\\/ikosz.hu\\\/en\\\/author\\\/ikosz_szerkeszto\\\/\"}]}<\/script>\n<!-- \/ Yoast SEO plugin. -->","yoast_head_json":{"title":"IKOSZ prepares for its general assembly \u2013 strategic issues in focus - ikosz","robots":{"index":"index","follow":"follow","max-snippet":"max-snippet:-1","max-image-preview":"max-image-preview:large","max-video-preview":"max-video-preview:-1"},"canonical":"https:\/\/ikosz.hu\/2025\/07\/15\/kuldottkozgyulesre-keszul-az-ikosz-strategiai-kerdesek-a-fokuszban\/","og_locale":"en_US","og_type":"article","og_title":"IKOSZ prepares for its general assembly \u2013 strategic issues in focus - ikosz","og_description":"The National Association of Innovation Clusters (IKOSZ) will hold its next general meeting on July 17, 2025. The meeting will [&hellip;]","og_url":"https:\/\/ikosz.hu\/2025\/07\/15\/kuldottkozgyulesre-keszul-az-ikosz-strategiai-kerdesek-a-fokuszban\/","og_site_name":"ikosz","article_published_time":"2025-07-15T09:06:16+00:00","article_modified_time":"2025-07-15T09:12:36+00:00","og_image":[{"width":536,"height":335,"url":"https:\/\/ikosz.hu\/wp-content\/uploads\/2025\/07\/Kepernyokep-2025-07-15-111150.png","type":"image\/png"}],"author":"ikosz_szerkeszto","twitter_card":"summary_large_image","twitter_misc":{"Written by":"ikosz_szerkeszto","Est. reading time":"1 minute"},"schema":{"@context":"https:\/\/schema.org","@graph":[{"@type":"Article","@id":"https:\/\/ikosz.hu\/2025\/07\/15\/kuldottkozgyulesre-keszul-az-ikosz-strategiai-kerdesek-a-fokuszban\/#article","isPartOf":{"@id":"https:\/\/ikosz.hu\/2025\/07\/15\/kuldottkozgyulesre-keszul-az-ikosz-strategiai-kerdesek-a-fokuszban\/"},"author":{"name":"ikosz_szerkeszto","@id":"https:\/\/ikosz.hu\/en\/#\/schema\/person\/552f414e0350043b29e5ecdac4803d22"},"headline":"IKOSZ prepares for its general assembly \u2013 strategic issues in focus","datePublished":"2025-07-15T09:06:16+00:00","dateModified":"2025-07-15T09:12:36+00:00","mainEntityOfPage":{"@id":"https:\/\/ikosz.hu\/2025\/07\/15\/kuldottkozgyulesre-keszul-az-ikosz-strategiai-kerdesek-a-fokuszban\/"},"wordCount":446,"commentCount":0,"image":{"@id":"https:\/\/ikosz.hu\/2025\/07\/15\/kuldottkozgyulesre-keszul-az-ikosz-strategiai-kerdesek-a-fokuszban\/#primaryimage"},"thumbnailUrl":"https:\/\/ikosz.hu\/wp-content\/uploads\/2025\/07\/Kepernyokep-2025-07-15-111150.png","articleSection":["Egy\u00e9b kateg\u00f3ria"],"inLanguage":"en-US","potentialAction":[{"@type":"CommentAction","name":"Comment","target":["https:\/\/ikosz.hu\/2025\/07\/15\/kuldottkozgyulesre-keszul-az-ikosz-strategiai-kerdesek-a-fokuszban\/#respond"]}]},{"@type":"WebPage","@id":"https:\/\/ikosz.hu\/2025\/07\/15\/kuldottkozgyulesre-keszul-az-ikosz-strategiai-kerdesek-a-fokuszban\/","url":"https:\/\/ikosz.hu\/2025\/07\/15\/kuldottkozgyulesre-keszul-az-ikosz-strategiai-kerdesek-a-fokuszban\/","name":"[:hu]K\u00fcld\u00f6ttk\u00f6zgy\u0171l\u00e9sre k\u00e9sz\u00fcl az IKOSZ \u2013 strat\u00e9giai k\u00e9rd\u00e9sek a f\u00f3kuszban[:en]IKOSZ prepares for its general assembly \u2013 strategic issues in focus[:] - ikosz","isPartOf":{"@id":"https:\/\/ikosz.hu\/en\/#website"},"primaryImageOfPage":{"@id":"https:\/\/ikosz.hu\/2025\/07\/15\/kuldottkozgyulesre-keszul-az-ikosz-strategiai-kerdesek-a-fokuszban\/#primaryimage"},"image":{"@id":"https:\/\/ikosz.hu\/2025\/07\/15\/kuldottkozgyulesre-keszul-az-ikosz-strategiai-kerdesek-a-fokuszban\/#primaryimage"},"thumbnailUrl":"https:\/\/ikosz.hu\/wp-content\/uploads\/2025\/07\/Kepernyokep-2025-07-15-111150.png","datePublished":"2025-07-15T09:06:16+00:00","dateModified":"2025-07-15T09:12:36+00:00","author":{"@id":"https:\/\/ikosz.hu\/en\/#\/schema\/person\/552f414e0350043b29e5ecdac4803d22"},"inLanguage":"en-US","potentialAction":[{"@type":"ReadAction","target":["https:\/\/ikosz.hu\/2025\/07\/15\/kuldottkozgyulesre-keszul-az-ikosz-strategiai-kerdesek-a-fokuszban\/"]}]},{"@type":"ImageObject","inLanguage":"en-US","@id":"https:\/\/ikosz.hu\/2025\/07\/15\/kuldottkozgyulesre-keszul-az-ikosz-strategiai-kerdesek-a-fokuszban\/#primaryimage","url":"https:\/\/ikosz.hu\/wp-content\/uploads\/2025\/07\/Kepernyokep-2025-07-15-111150.png","contentUrl":"https:\/\/ikosz.hu\/wp-content\/uploads\/2025\/07\/Kepernyokep-2025-07-15-111150.png","width":536,"height":335},{"@type":"WebSite","@id":"https:\/\/ikosz.hu\/en\/#website","url":"https:\/\/ikosz.hu\/en\/","name":"ikosz","description":"Innovat\u00edv Klaszterek Orsz\u00e1gos Sz\u00f6vets\u00e9ge","potentialAction":[{"@type":"SearchAction","target":{"@type":"EntryPoint","urlTemplate":"https:\/\/ikosz.hu\/en\/?s={search_term_string}"},"query-input":{"@type":"PropertyValueSpecification","valueRequired":true,"valueName":"search_term_string"}}],"inLanguage":"en-US"},{"@type":"Person","@id":"https:\/\/ikosz.hu\/en\/#\/schema\/person\/552f414e0350043b29e5ecdac4803d22","name":"ikosz_szerkeszto","image":{"@type":"ImageObject","inLanguage":"en-US","@id":"https:\/\/secure.gravatar.com\/avatar\/1489fb3f1a1fa5878a30299102cda85e36289e61bd309f10a6bc43c2898ada92?s=96&d=mm&r=g","url":"https:\/\/secure.gravatar.com\/avatar\/1489fb3f1a1fa5878a30299102cda85e36289e61bd309f10a6bc43c2898ada92?s=96&d=mm&r=g","contentUrl":"https:\/\/secure.gravatar.com\/avatar\/1489fb3f1a1fa5878a30299102cda85e36289e61bd309f10a6bc43c2898ada92?s=96&d=mm&r=g","caption":"ikosz_szerkeszto"},"url":"https:\/\/ikosz.hu\/en\/author\/ikosz_szerkeszto\/"}]}},"_links":{"self":[{"href":"https:\/\/ikosz.hu\/en\/wp-json\/wp\/v2\/posts\/853","targetHints":{"allow":["GET"]}}],"collection":[{"href":"https:\/\/ikosz.hu\/en\/wp-json\/wp\/v2\/posts"}],"about":[{"href":"https:\/\/ikosz.hu\/en\/wp-json\/wp\/v2\/types\/post"}],"author":[{"embeddable":true,"href":"https:\/\/ikosz.hu\/en\/wp-json\/wp\/v2\/users\/16"}],"replies":[{"embeddable":true,"href":"https:\/\/ikosz.hu\/en\/wp-json\/wp\/v2\/comments?post=853"}],"version-history":[{"count":1,"href":"https:\/\/ikosz.hu\/en\/wp-json\/wp\/v2\/posts\/853\/revisions"}],"predecessor-version":[{"id":854,"href":"https:\/\/ikosz.hu\/en\/wp-json\/wp\/v2\/posts\/853\/revisions\/854"}],"wp:featuredmedia":[{"embeddable":true,"href":"https:\/\/ikosz.hu\/en\/wp-json\/wp\/v2\/media\/855"}],"wp:attachment":[{"href":"https:\/\/ikosz.hu\/en\/wp-json\/wp\/v2\/media?parent=853"}],"wp:term":[{"taxonomy":"category","embeddable":true,"href":"https:\/\/ikosz.hu\/en\/wp-json\/wp\/v2\/categories?post=853"},{"taxonomy":"post_tag","embeddable":true,"href":"https:\/\/ikosz.hu\/en\/wp-json\/wp\/v2\/tags?post=853"}],"curies":[{"name":"wp","href":"https:\/\/api.w.org\/{rel}","templated":true}]}}